{"id":203,"date":"2021-02-26T12:45:04","date_gmt":"2021-02-26T11:45:04","guid":{"rendered":"https:\/\/mediators-le-niglo.fr\/WordPress\/?p=203"},"modified":"2021-02-26T13:21:07","modified_gmt":"2021-02-26T12:21:07","slug":"interview-de-laurent-berger-luthier","status":"publish","type":"post","link":"https:\/\/mediators-le-niglo.fr\/WordPress\/2021\/02\/26\/interview-de-laurent-berger-luthier\/","title":{"rendered":"Interview de Laurent Berger, luthier"},"content":{"rendered":"\n<p>Dans les salons et festivals que je fais, je rencontre beaucoup de luthiers, et il y en a avec qui l\u2019affinit\u00e9 est plus pr\u00e9sente. Laurent est de ceux l\u00e0, avec sa gentillesse son humour et sa simplicit\u00e9, sans oublier le talent et la qualit\u00e9 de sa fabrication, reconnue du monde des guitaristes manouches. J\u2019appr\u00e9cie beaucoup notre amiti\u00e9 <\/p>\n\n\n\n<p><strong>-peux tu te pr\u00e9senter<\/strong>!<\/p>\n\n\n\n<p>Je m&rsquo;appelle Laurent Berger, j&rsquo;ai 49 ans j&rsquo;h\u00e2bite \u00e0 Bras-d&rsquo;Asse dans le 04 entre Digne-les-bains et les gorges du Verdon. C&rsquo;est l\u00e0 que se situe mon atelier<\/p>\n\n\n\n<p><strong>Comment es tu venu \u00e0 la musique? \u00c0 la lutherie?<\/strong><\/p>\n\n\n\n<p>Quand j&rsquo;\u00e9tais jeune j&rsquo;ai commenc\u00e9 \u00e0 \u00e9couter pas mal de rock et de hard rock et \u00e0 essayer d&rsquo;en jouer, puis je me suis ouvert vers le blues, le jazz et beaucoup \u00e0 la chanson, fran\u00e7aise surtout. J&rsquo;ai \u00e9t\u00e9 int\u00e9ress\u00e9 assez t\u00f4t par la lutherie mais l&rsquo;\u00e9poque et mon chemin de vie en ont d\u00e9cid\u00e9 autrement.<\/p>\n\n\n\n<p><strong>-quel est ton parcours<\/strong><\/p>\n\n\n\n<p>Apr\u00e8s avoir longtemps travaill\u00e9 dans l&rsquo;industrie (dessin industriel, sid\u00e9rurgie ascenseurs, et autres\u2026) suite \u00e0 mes qualifications qui sont techniques (bac+bts). J&rsquo;ai v\u00e9cu plus de vingt ans en en Wallonie, la partie francophone de la Belgique et il y a un peu plus de dix ans, j&rsquo;ai eu l&rsquo;opportunit\u00e9 de pouvoir collecter un peu de mat\u00e9riel pour pouvoir construire une premi\u00e8re guitare \u00ab\u00a0manouche (comme on dit)\u00a0\u00bb en autodidacte; Satisfait du r\u00e9sultat j&rsquo;en ai fait une deuxi\u00e8me, puis une troisi\u00e8me, etc etc\u2026 J&rsquo;ai commenc\u00e9 \u00e0 en vendre et j&rsquo;ai donc d\u00e9cid\u00e9 de quitter mon employeur de l&rsquo;\u00e9poque pour me consacrer \u00e0 la lutherie uniquement. Il y a presque 6 ans, je suis revenu dans ma Provence natale o\u00f9 j&rsquo;ai install\u00e9 mon atelier.<\/p>\n\n\n\n<p><strong>-quel instrument fabrique tu principalement? et sur lequel joue tu?<\/strong><\/p>\n\n\n\n<p>Je fabrique principalement des guitares d&rsquo;inspiration Selmer mais en y ajoutant ma propre cr\u00e9ativit\u00e9 en terme d&rsquo;esth\u00e9tique et de sonorit\u00e9. Je fait \u00e9galement mais plus rarement des folks, des archtops et depuis peu des solid bodys. Forcement comme je suis un f\u00e9ru de jazz manouche je joue sur des mod\u00e8les swing de ma fabrication.<\/p>\n\n\n\n<p><strong>-quels sont tes projets actuel, pass\u00e9s, musique et instruments, etc\u2026<\/strong><\/p>\n\n\n\n<p>L\u00e0, je suis sur une nouvelle s\u00e9rie de 5 guitares dont une cordes nylon type Maccaferri et une bouche en coeur 7 cordes manouche. Je viens de livrer une deuxi\u00e8me guitare \u00e0 mon ami Dorado Schmitt qu&rsquo;on ne pr\u00e9sente plus. ?<\/p>\n\n\n\n<p><strong>-quels sont tes projets futurs?<\/strong><\/p>\n\n\n\n<p>J&rsquo;aimerais bien que mes projets futurs imm\u00e9diats soient les festivals de jazz manouche cet \u00e9t\u00e9 pour y exposer mais vu la situation actuelle, c&rsquo;est pas gagn\u00e9. Sinon continuer \u00e0 fabriquer, r\u00e9parer, restaurer, r\u00e9gler des instruments et voir les clientes et les clients repartir heureuse et heureux.<\/p>\n\n\n\n<p><strong>-quels sont tes gouts musicaux?<\/strong><\/p>\n\n\n\n<p>Principalement de la chanson fran\u00e7aise (j&rsquo;ai \u00e9t\u00e9 berc\u00e9 l\u00e0 dedans). Je participe d&rsquo;ailleurs \u00e0 un groupe de reprise de Brassens qui s&rsquo;appelle \u00ab\u00a0les oiseaux de passage\u00a0\u00bb. Sinon pas mal de jazz, jazz manouche, du rock, du rap, classique, etc\u2026 <\/p>\n\n\n\n<p>https:\/\/www.facebook.com\/Les-oiseaux-de-passage-103760568401543 https:\/\/www.youtube.com\/watch?fbclid=IwAR0jy_QD-MdiTHwEiwPv70fkfQvNAQkD8NiUsHfL8AM_jbp9FvwxTD8P20U&amp;v=ZpzbkASfXeI&amp;feature=youtu.be&amp;ab_channel=MountsegoCirco<\/p>\n\n\n\n<p><strong>-que penses-tu de l\u2019avenir des musiciens, de la musique en g\u00e9n\u00e9ral et de la lutherie<\/strong><\/p>\n\n\n\n<p>Concernant l&rsquo;avenir de la musique en g\u00e9n\u00e9ral, je suis comme tout le monde ,je ne sais pas trop quoi en penser\u2026. IL faut attendre et esp\u00e9rer\u2026<\/p>\n\n\n\n<p><strong>-et l\u00e0, tu peux ajouter ce que tu veux<\/strong><\/p>\n\n\n\n<p>Voil\u00e0 mon ami, j&rsquo;esp\u00e8re que \u00e7a te convient<\/p>\n\n\n\n<p><strong>-bien s\u00fbr que \u00e7a me convient, et mieux te conna\u00eetre. Voici une photo de Laurent en compagnie de Dorado Schmitt<\/strong><\/p>\n\n\n\n<figure class=\"wp-block-image size-large\"><img data-recalc-dims=\"1\" loading=\"lazy\" decoding=\"async\" width=\"750\" height=\"1000\" src=\"https:\/\/i0.wp.com\/mediators-le-niglo.fr\/WordPress\/wp-content\/uploads\/2021\/02\/img_0002.png?resize=750%2C1000&#038;ssl=1\" alt=\"\" class=\"wp-image-202\" srcset=\"https:\/\/i0.wp.com\/mediators-le-niglo.fr\/WordPress\/wp-content\/uploads\/2021\/02\/img_0002.png?resize=768%2C1024&amp;ssl=1 768w, https:\/\/i0.wp.com\/mediators-le-niglo.fr\/WordPress\/wp-content\/uploads\/2021\/02\/img_0002.png?resize=225%2C300&amp;ssl=1 225w, https:\/\/i0.wp.com\/mediators-le-niglo.fr\/WordPress\/wp-content\/uploads\/2021\/02\/img_0002.png?resize=1152%2C1536&amp;ssl=1 1152w, https:\/\/i0.wp.com\/mediators-le-niglo.fr\/WordPress\/wp-content\/uploads\/2021\/02\/img_0002.png?resize=400%2C533&amp;ssl=1 400w, https:\/\/i0.wp.com\/mediators-le-niglo.fr\/WordPress\/wp-content\/uploads\/2021\/02\/img_0002.png?w=1536&amp;ssl=1 1536w\" sizes=\"auto, (max-width: 750px) 100vw, 750px\" \/><figcaption>Dorado Schmidt et Laurent Berger<\/figcaption><\/figure>\n\n\n\n<p>Pour retrouver Laurent, retrouvez le sur Facebook et voyez son site:<\/p>\n\n\n\n<p><a rel=\"noreferrer noopener\" href=\"http:\/\/Www.guitareslaurentberger.com\" target=\"_blank\">Laurent Berger Luthier<\/a><\/p>\n","protected":false},"excerpt":{"rendered":"<p>Dans les salons et festivals que je fais, je rencontre beaucoup de luthiers, et il y en a avec qui l\u2019affinit\u00e9 est plus pr\u00e9sente. Laurent est de ceux l\u00e0, avec sa gentillesse son humour et sa simplicit\u00e9, sans oublier le talent et la qualit\u00e9 de sa fabrication, reconnue du monde [&hellip;]<\/p>\n","protected":false},"author":1,"featured_media":202,"comment_status":"open","ping_status":"closed","sticky":false,"template":"","format":"standard","meta":{"_sitemap_exclude":false,"_sitemap_priority":"","_sitemap_frequency":"","_monsterinsights_skip_tracking":false,"_monsterinsights_sitenote_active":false,"_monsterinsights_sitenote_note":"","_monsterinsights_sitenote_category":0,"jetpack_post_was_ever_published":false,"_jetpack_newsletter_access":"","_jetpack_dont_email_post_to_subs":false,"_jetpack_newsletter_tier_id":0,"_jetpack_memberships_contains_paywalled_content":false,"_jetpack_memberships_contains_paid_content":false,"footnotes":"","jetpack_publicize_message":"","jetpack_publicize_feature_enabled":true,"jetpack_social_post_already_shared":true,"jetpack_social_options":{"image_generator_settings":{"template":"highway","default_image_id":0,"font":"","enabled":false},"version":2}},"categories":[4,3],"tags":[20,19,18,17,15,5,16],"class_list":["post-203","post","type-post","status-publish","format-standard","has-post-thumbnail","hentry","category-mediators","category-nouvelles","tag-guitar","tag-guitare","tag-gypsy-jazz","tag-jazz-manouche","tag-laurent-berger","tag-le-niglo","tag-lutherie"],"yoast_head":"<!-- This site is optimized with the Yoast SEO plugin v27.5 - https:\/\/yoast.com\/product\/yoast-seo-wordpress\/ -->\n<title>Interview de Laurent Berger, luthier - Le Niglo<\/title>\n<meta name=\"robots\" content=\"index, follow, max-snippet:-1, max-image-preview:large, max-video-preview:-1\" \/>\n<link rel=\"canonical\" href=\"https:\/\/mediators-le-niglo.fr\/WordPress\/2021\/02\/26\/interview-de-laurent-berger-luthier\/\" \/>\n<meta property=\"og:locale\" content=\"fr_FR\" \/>\n<meta property=\"og:type\" content=\"article\" \/>\n<meta property=\"og:title\" content=\"Interview de Laurent Berger, luthier - Le Niglo\" \/>\n<meta property=\"og:description\" content=\"Dans les salons et festivals que je fais, je rencontre beaucoup de luthiers, et il y en a avec qui l\u2019affinit\u00e9 est plus pr\u00e9sente. Laurent est de ceux l\u00e0, avec sa gentillesse son humour et sa simplicit\u00e9, sans oublier le talent et la qualit\u00e9 de sa fabrication, reconnue du monde [&hellip;]\" \/>\n<meta property=\"og:url\" content=\"https:\/\/mediators-le-niglo.fr\/WordPress\/2021\/02\/26\/interview-de-laurent-berger-luthier\/\" \/>\n<meta property=\"og:site_name\" content=\"Le Niglo\" \/>\n<meta property=\"article:published_time\" content=\"2021-02-26T11:45:04+00:00\" \/>\n<meta property=\"article:modified_time\" content=\"2021-02-26T12:21:07+00:00\" \/>\n<meta property=\"og:image\" content=\"https:\/\/mediators-le-niglo.fr\/WordPress\/wp-content\/uploads\/2021\/02\/img_0002-768x1024.png\" \/>\n\t<meta property=\"og:image:width\" content=\"768\" \/>\n\t<meta property=\"og:image:height\" content=\"1024\" \/>\n\t<meta property=\"og:image:type\" content=\"image\/png\" \/>\n<meta name=\"author\" content=\"leinadfr\" \/>\n<meta name=\"twitter:label1\" content=\"\u00c9crit par\" \/>\n\t<meta name=\"twitter:data1\" content=\"leinadfr\" \/>\n\t<meta name=\"twitter:label2\" content=\"Dur\u00e9e de lecture estim\u00e9e\" \/>\n\t<meta name=\"twitter:data2\" content=\"3 minutes\" \/>\n<script type=\"application\/ld+json\" class=\"yoast-schema-graph\">{\"@context\":\"https:\\\/\\\/schema.org\",\"@graph\":[{\"@type\":\"Article\",\"@id\":\"https:\\\/\\\/mediators-le-niglo.fr\\\/WordPress\\\/2021\\\/02\\\/26\\\/interview-de-laurent-berger-luthier\\\/#article\",\"isPartOf\":{\"@id\":\"https:\\\/\\\/mediators-le-niglo.fr\\\/WordPress\\\/2021\\\/02\\\/26\\\/interview-de-laurent-berger-luthier\\\/\"},\"author\":{\"name\":\"leinadfr\",\"@id\":\"https:\\\/\\\/mediators-le-niglo.fr\\\/WordPress\\\/#\\\/schema\\\/person\\\/7fc109b49d18e4b9d6b44a0663785ba4\"},\"headline\":\"Interview de Laurent Berger, luthier\",\"datePublished\":\"2021-02-26T11:45:04+00:00\",\"dateModified\":\"2021-02-26T12:21:07+00:00\",\"mainEntityOfPage\":{\"@id\":\"https:\\\/\\\/mediators-le-niglo.fr\\\/WordPress\\\/2021\\\/02\\\/26\\\/interview-de-laurent-berger-luthier\\\/\"},\"wordCount\":674,\"commentCount\":0,\"publisher\":{\"@id\":\"https:\\\/\\\/mediators-le-niglo.fr\\\/WordPress\\\/#\\\/schema\\\/person\\\/7fc109b49d18e4b9d6b44a0663785ba4\"},\"image\":{\"@id\":\"https:\\\/\\\/mediators-le-niglo.fr\\\/WordPress\\\/2021\\\/02\\\/26\\\/interview-de-laurent-berger-luthier\\\/#primaryimage\"},\"thumbnailUrl\":\"https:\\\/\\\/i0.wp.com\\\/mediators-le-niglo.fr\\\/WordPress\\\/wp-content\\\/uploads\\\/2021\\\/02\\\/img_0002.png?fit=1536%2C2048&ssl=1\",\"keywords\":[\"guitar\",\"guitare\",\"Gypsy jazz\",\"jazz manouche\",\"Laurent Berger\",\"Le Niglo\",\"lutherie\"],\"articleSection\":[\"m\u00e9diators\",\"nouvelles\"],\"inLanguage\":\"fr-FR\",\"potentialAction\":[{\"@type\":\"CommentAction\",\"name\":\"Comment\",\"target\":[\"https:\\\/\\\/mediators-le-niglo.fr\\\/WordPress\\\/2021\\\/02\\\/26\\\/interview-de-laurent-berger-luthier\\\/#respond\"]}]},{\"@type\":\"WebPage\",\"@id\":\"https:\\\/\\\/mediators-le-niglo.fr\\\/WordPress\\\/2021\\\/02\\\/26\\\/interview-de-laurent-berger-luthier\\\/\",\"url\":\"https:\\\/\\\/mediators-le-niglo.fr\\\/WordPress\\\/2021\\\/02\\\/26\\\/interview-de-laurent-berger-luthier\\\/\",\"name\":\"Interview de Laurent Berger, luthier - Le Niglo\",\"isPartOf\":{\"@id\":\"https:\\\/\\\/mediators-le-niglo.fr\\\/WordPress\\\/#website\"},\"primaryImageOfPage\":{\"@id\":\"https:\\\/\\\/mediators-le-niglo.fr\\\/WordPress\\\/2021\\\/02\\\/26\\\/interview-de-laurent-berger-luthier\\\/#primaryimage\"},\"image\":{\"@id\":\"https:\\\/\\\/mediators-le-niglo.fr\\\/WordPress\\\/2021\\\/02\\\/26\\\/interview-de-laurent-berger-luthier\\\/#primaryimage\"},\"thumbnailUrl\":\"https:\\\/\\\/i0.wp.com\\\/mediators-le-niglo.fr\\\/WordPress\\\/wp-content\\\/uploads\\\/2021\\\/02\\\/img_0002.png?fit=1536%2C2048&ssl=1\",\"datePublished\":\"2021-02-26T11:45:04+00:00\",\"dateModified\":\"2021-02-26T12:21:07+00:00\",\"breadcrumb\":{\"@id\":\"https:\\\/\\\/mediators-le-niglo.fr\\\/WordPress\\\/2021\\\/02\\\/26\\\/interview-de-laurent-berger-luthier\\\/#breadcrumb\"},\"inLanguage\":\"fr-FR\",\"potentialAction\":[{\"@type\":\"ReadAction\",\"target\":[\"https:\\\/\\\/mediators-le-niglo.fr\\\/WordPress\\\/2021\\\/02\\\/26\\\/interview-de-laurent-berger-luthier\\\/\"]}]},{\"@type\":\"ImageObject\",\"inLanguage\":\"fr-FR\",\"@id\":\"https:\\\/\\\/mediators-le-niglo.fr\\\/WordPress\\\/2021\\\/02\\\/26\\\/interview-de-laurent-berger-luthier\\\/#primaryimage\",\"url\":\"https:\\\/\\\/i0.wp.com\\\/mediators-le-niglo.fr\\\/WordPress\\\/wp-content\\\/uploads\\\/2021\\\/02\\\/img_0002.png?fit=1536%2C2048&ssl=1\",\"contentUrl\":\"https:\\\/\\\/i0.wp.com\\\/mediators-le-niglo.fr\\\/WordPress\\\/wp-content\\\/uploads\\\/2021\\\/02\\\/img_0002.png?fit=1536%2C2048&ssl=1\",\"width\":1536,\"height\":2048},{\"@type\":\"BreadcrumbList\",\"@id\":\"https:\\\/\\\/mediators-le-niglo.fr\\\/WordPress\\\/2021\\\/02\\\/26\\\/interview-de-laurent-berger-luthier\\\/#breadcrumb\",\"itemListElement\":[{\"@type\":\"ListItem\",\"position\":1,\"name\":\"Accueil\",\"item\":\"https:\\\/\\\/mediators-le-niglo.fr\\\/WordPress\\\/\"},{\"@type\":\"ListItem\",\"position\":2,\"name\":\"Interview de Laurent Berger, luthier\"}]},{\"@type\":\"WebSite\",\"@id\":\"https:\\\/\\\/mediators-le-niglo.fr\\\/WordPress\\\/#website\",\"url\":\"https:\\\/\\\/mediators-le-niglo.fr\\\/WordPress\\\/\",\"name\":\"Le Niglo\",\"description\":\"M\u00e9diators \u00e9rgonomiques, Micros, accessoires\",\"publisher\":{\"@id\":\"https:\\\/\\\/mediators-le-niglo.fr\\\/WordPress\\\/#\\\/schema\\\/person\\\/7fc109b49d18e4b9d6b44a0663785ba4\"},\"potentialAction\":[{\"@type\":\"SearchAction\",\"target\":{\"@type\":\"EntryPoint\",\"urlTemplate\":\"https:\\\/\\\/mediators-le-niglo.fr\\\/WordPress\\\/?s={search_term_string}\"},\"query-input\":{\"@type\":\"PropertyValueSpecification\",\"valueRequired\":true,\"valueName\":\"search_term_string\"}}],\"inLanguage\":\"fr-FR\"},{\"@type\":[\"Person\",\"Organization\"],\"@id\":\"https:\\\/\\\/mediators-le-niglo.fr\\\/WordPress\\\/#\\\/schema\\\/person\\\/7fc109b49d18e4b9d6b44a0663785ba4\",\"name\":\"leinadfr\",\"image\":{\"@type\":\"ImageObject\",\"inLanguage\":\"fr-FR\",\"@id\":\"https:\\\/\\\/secure.gravatar.com\\\/avatar\\\/91f8b134b8aa0ee29c48b9fd6f91b89292c8df855ff62413ba727cc0fd29add3?s=96&d=mm&r=g\",\"url\":\"https:\\\/\\\/secure.gravatar.com\\\/avatar\\\/91f8b134b8aa0ee29c48b9fd6f91b89292c8df855ff62413ba727cc0fd29add3?s=96&d=mm&r=g\",\"contentUrl\":\"https:\\\/\\\/secure.gravatar.com\\\/avatar\\\/91f8b134b8aa0ee29c48b9fd6f91b89292c8df855ff62413ba727cc0fd29add3?s=96&d=mm&r=g\",\"caption\":\"leinadfr\"},\"logo\":{\"@id\":\"https:\\\/\\\/secure.gravatar.com\\\/avatar\\\/91f8b134b8aa0ee29c48b9fd6f91b89292c8df855ff62413ba727cc0fd29add3?s=96&d=mm&r=g\"},\"sameAs\":[\"https:\\\/\\\/mediators-le-niglo.fr\\\/WordPress\"],\"url\":\"https:\\\/\\\/mediators-le-niglo.fr\\\/WordPress\\\/author\\\/leinadfr\\\/\"}]}<\/script>\n<!-- \/ Yoast SEO plugin. -->","yoast_head_json":{"title":"Interview de Laurent Berger, luthier - Le Niglo","robots":{"index":"index","follow":"follow","max-snippet":"max-snippet:-1","max-image-preview":"max-image-preview:large","max-video-preview":"max-video-preview:-1"},"canonical":"https:\/\/mediators-le-niglo.fr\/WordPress\/2021\/02\/26\/interview-de-laurent-berger-luthier\/","og_locale":"fr_FR","og_type":"article","og_title":"Interview de Laurent Berger, luthier - Le Niglo","og_description":"Dans les salons et festivals que je fais, je rencontre beaucoup de luthiers, et il y en a avec qui l\u2019affinit\u00e9 est plus pr\u00e9sente. Laurent est de ceux l\u00e0, avec sa gentillesse son humour et sa simplicit\u00e9, sans oublier le talent et la qualit\u00e9 de sa fabrication, reconnue du monde [&hellip;]","og_url":"https:\/\/mediators-le-niglo.fr\/WordPress\/2021\/02\/26\/interview-de-laurent-berger-luthier\/","og_site_name":"Le Niglo","article_published_time":"2021-02-26T11:45:04+00:00","article_modified_time":"2021-02-26T12:21:07+00:00","og_image":[{"width":768,"height":1024,"url":"https:\/\/mediators-le-niglo.fr\/WordPress\/wp-content\/uploads\/2021\/02\/img_0002-768x1024.png","type":"image\/png"}],"author":"leinadfr","twitter_misc":{"\u00c9crit par":"leinadfr","Dur\u00e9e de lecture estim\u00e9e":"3 minutes"},"schema":{"@context":"https:\/\/schema.org","@graph":[{"@type":"Article","@id":"https:\/\/mediators-le-niglo.fr\/WordPress\/2021\/02\/26\/interview-de-laurent-berger-luthier\/#article","isPartOf":{"@id":"https:\/\/mediators-le-niglo.fr\/WordPress\/2021\/02\/26\/interview-de-laurent-berger-luthier\/"},"author":{"name":"leinadfr","@id":"https:\/\/mediators-le-niglo.fr\/WordPress\/#\/schema\/person\/7fc109b49d18e4b9d6b44a0663785ba4"},"headline":"Interview de Laurent Berger, luthier","datePublished":"2021-02-26T11:45:04+00:00","dateModified":"2021-02-26T12:21:07+00:00","mainEntityOfPage":{"@id":"https:\/\/mediators-le-niglo.fr\/WordPress\/2021\/02\/26\/interview-de-laurent-berger-luthier\/"},"wordCount":674,"commentCount":0,"publisher":{"@id":"https:\/\/mediators-le-niglo.fr\/WordPress\/#\/schema\/person\/7fc109b49d18e4b9d6b44a0663785ba4"},"image":{"@id":"https:\/\/mediators-le-niglo.fr\/WordPress\/2021\/02\/26\/interview-de-laurent-berger-luthier\/#primaryimage"},"thumbnailUrl":"https:\/\/i0.wp.com\/mediators-le-niglo.fr\/WordPress\/wp-content\/uploads\/2021\/02\/img_0002.png?fit=1536%2C2048&ssl=1","keywords":["guitar","guitare","Gypsy jazz","jazz manouche","Laurent Berger","Le Niglo","lutherie"],"articleSection":["m\u00e9diators","nouvelles"],"inLanguage":"fr-FR","potentialAction":[{"@type":"CommentAction","name":"Comment","target":["https:\/\/mediators-le-niglo.fr\/WordPress\/2021\/02\/26\/interview-de-laurent-berger-luthier\/#respond"]}]},{"@type":"WebPage","@id":"https:\/\/mediators-le-niglo.fr\/WordPress\/2021\/02\/26\/interview-de-laurent-berger-luthier\/","url":"https:\/\/mediators-le-niglo.fr\/WordPress\/2021\/02\/26\/interview-de-laurent-berger-luthier\/","name":"Interview de Laurent Berger, luthier - Le Niglo","isPartOf":{"@id":"https:\/\/mediators-le-niglo.fr\/WordPress\/#website"},"primaryImageOfPage":{"@id":"https:\/\/mediators-le-niglo.fr\/WordPress\/2021\/02\/26\/interview-de-laurent-berger-luthier\/#primaryimage"},"image":{"@id":"https:\/\/mediators-le-niglo.fr\/WordPress\/2021\/02\/26\/interview-de-laurent-berger-luthier\/#primaryimage"},"thumbnailUrl":"https:\/\/i0.wp.com\/mediators-le-niglo.fr\/WordPress\/wp-content\/uploads\/2021\/02\/img_0002.png?fit=1536%2C2048&ssl=1","datePublished":"2021-02-26T11:45:04+00:00","dateModified":"2021-02-26T12:21:07+00:00","breadcrumb":{"@id":"https:\/\/mediators-le-niglo.fr\/WordPress\/2021\/02\/26\/interview-de-laurent-berger-luthier\/#breadcrumb"},"inLanguage":"fr-FR","potentialAction":[{"@type":"ReadAction","target":["https:\/\/mediators-le-niglo.fr\/WordPress\/2021\/02\/26\/interview-de-laurent-berger-luthier\/"]}]},{"@type":"ImageObject","inLanguage":"fr-FR","@id":"https:\/\/mediators-le-niglo.fr\/WordPress\/2021\/02\/26\/interview-de-laurent-berger-luthier\/#primaryimage","url":"https:\/\/i0.wp.com\/mediators-le-niglo.fr\/WordPress\/wp-content\/uploads\/2021\/02\/img_0002.png?fit=1536%2C2048&ssl=1","contentUrl":"https:\/\/i0.wp.com\/mediators-le-niglo.fr\/WordPress\/wp-content\/uploads\/2021\/02\/img_0002.png?fit=1536%2C2048&ssl=1","width":1536,"height":2048},{"@type":"BreadcrumbList","@id":"https:\/\/mediators-le-niglo.fr\/WordPress\/2021\/02\/26\/interview-de-laurent-berger-luthier\/#breadcrumb","itemListElement":[{"@type":"ListItem","position":1,"name":"Accueil","item":"https:\/\/mediators-le-niglo.fr\/WordPress\/"},{"@type":"ListItem","position":2,"name":"Interview de Laurent Berger, luthier"}]},{"@type":"WebSite","@id":"https:\/\/mediators-le-niglo.fr\/WordPress\/#website","url":"https:\/\/mediators-le-niglo.fr\/WordPress\/","name":"Le Niglo","description":"M\u00e9diators \u00e9rgonomiques, Micros, accessoires","publisher":{"@id":"https:\/\/mediators-le-niglo.fr\/WordPress\/#\/schema\/person\/7fc109b49d18e4b9d6b44a0663785ba4"},"potentialAction":[{"@type":"SearchAction","target":{"@type":"EntryPoint","urlTemplate":"https:\/\/mediators-le-niglo.fr\/WordPress\/?s={search_term_string}"},"query-input":{"@type":"PropertyValueSpecification","valueRequired":true,"valueName":"search_term_string"}}],"inLanguage":"fr-FR"},{"@type":["Person","Organization"],"@id":"https:\/\/mediators-le-niglo.fr\/WordPress\/#\/schema\/person\/7fc109b49d18e4b9d6b44a0663785ba4","name":"leinadfr","image":{"@type":"ImageObject","inLanguage":"fr-FR","@id":"https:\/\/secure.gravatar.com\/avatar\/91f8b134b8aa0ee29c48b9fd6f91b89292c8df855ff62413ba727cc0fd29add3?s=96&d=mm&r=g","url":"https:\/\/secure.gravatar.com\/avatar\/91f8b134b8aa0ee29c48b9fd6f91b89292c8df855ff62413ba727cc0fd29add3?s=96&d=mm&r=g","contentUrl":"https:\/\/secure.gravatar.com\/avatar\/91f8b134b8aa0ee29c48b9fd6f91b89292c8df855ff62413ba727cc0fd29add3?s=96&d=mm&r=g","caption":"leinadfr"},"logo":{"@id":"https:\/\/secure.gravatar.com\/avatar\/91f8b134b8aa0ee29c48b9fd6f91b89292c8df855ff62413ba727cc0fd29add3?s=96&d=mm&r=g"},"sameAs":["https:\/\/mediators-le-niglo.fr\/WordPress"],"url":"https:\/\/mediators-le-niglo.fr\/WordPress\/author\/leinadfr\/"}]}},"jetpack_publicize_connections":[],"jetpack_featured_media_url":"https:\/\/i0.wp.com\/mediators-le-niglo.fr\/WordPress\/wp-content\/uploads\/2021\/02\/img_0002.png?fit=1536%2C2048&ssl=1","jetpack_sharing_enabled":true,"jetpack_likes_enabled":true,"jetpack_shortlink":"https:\/\/wp.me\/pcCP71-3h","_links":{"self":[{"href":"https:\/\/mediators-le-niglo.fr\/WordPress\/wp-json\/wp\/v2\/posts\/203","targetHints":{"allow":["GET"]}}],"collection":[{"href":"https:\/\/mediators-le-niglo.fr\/WordPress\/wp-json\/wp\/v2\/posts"}],"about":[{"href":"https:\/\/mediators-le-niglo.fr\/WordPress\/wp-json\/wp\/v2\/types\/post"}],"author":[{"embeddable":true,"href":"https:\/\/mediators-le-niglo.fr\/WordPress\/wp-json\/wp\/v2\/users\/1"}],"replies":[{"embeddable":true,"href":"https:\/\/mediators-le-niglo.fr\/WordPress\/wp-json\/wp\/v2\/comments?post=203"}],"version-history":[{"count":2,"href":"https:\/\/mediators-le-niglo.fr\/WordPress\/wp-json\/wp\/v2\/posts\/203\/revisions"}],"predecessor-version":[{"id":206,"href":"https:\/\/mediators-le-niglo.fr\/WordPress\/wp-json\/wp\/v2\/posts\/203\/revisions\/206"}],"wp:featuredmedia":[{"embeddable":true,"href":"https:\/\/mediators-le-niglo.fr\/WordPress\/wp-json\/wp\/v2\/media\/202"}],"wp:attachment":[{"href":"https:\/\/mediators-le-niglo.fr\/WordPress\/wp-json\/wp\/v2\/media?parent=203"}],"wp:term":[{"taxonomy":"category","embeddable":true,"href":"https:\/\/mediators-le-niglo.fr\/WordPress\/wp-json\/wp\/v2\/categories?post=203"},{"taxonomy":"post_tag","embeddable":true,"href":"https:\/\/mediators-le-niglo.fr\/WordPress\/wp-json\/wp\/v2\/tags?post=203"}],"curies":[{"name":"wp","href":"https:\/\/api.w.org\/{rel}","templated":true}]}}